{"id":872,"date":"2025-10-29T13:01:50","date_gmt":"2025-10-29T12:01:50","guid":{"rendered":"https:\/\/perits.org\/?p=872"},"modified":"2025-11-26T10:53:53","modified_gmt":"2025-11-26T09:53:53","slug":"entrega-a-l-associacio-catalana-de-perits-judicials-la-medalla-dhonor-de-la-generalitat-de-catalunya-pels-serveis-prestats-a-la-justicia","status":"publish","type":"post","link":"https:\/\/perits.org\/es\/entrega-a-l-associacio-catalana-de-perits-judicials-la-medalla-dhonor-de-la-generalitat-de-catalunya-pels-serveis-prestats-a-la-justicia\/","title":{"rendered":"Dia de la Just\u00edcia 2025: Entrega de la Medalla d&#8217; Honor de la Generalitat de Catalunya a l&#8217; Associaci\u00f3 Catalana de Perits Judicials pels serveis excepcionals a la Just\u00edcia."},"content":{"rendered":"<p>Dins la celebraci\u00f3 del Dia de la Just\u00edcia 2025, el Departament de Just\u00edcia i Qualitat Democr\u00e0tica (DJQD) de la Generalitat de Catalunya va atorgar el passat 24 de novembre a l\u2019<strong>Associaci\u00f3 Catalana de Perits Judicials<\/strong> la medalla d\u2019honor de la Generalitat de Catalunya pels serveis excepcionals a la Just\u00edcia.<\/p>\n\n\n\n<p>Aquesta distinci\u00f3 vol premiar la contribuci\u00f3 de la nostra Associaci\u00f3 al progr\u00e9s i a la modernitzaci\u00f3 de la Just\u00edcia a Catalunya, compromesos en la construcci\u00f3 d\u2019una Just\u00edcia m\u00e9s eficient, transparent i propera a la ciutadania, i tamb\u00e9 per ser referents en la professionalitzaci\u00f3, formaci\u00f3 i coordinaci\u00f3 del col\u00b7lectiu de p\u00e8rits judicials i com a pe\u00e7a clau per a l\u2019activitat judicial, garantint la qualitat t\u00e8cnica i l\u2019\u00e8tica professional en l\u2019emissi\u00f3 d\u2019informes pericials<em>.<\/em><\/p>\n\n\n\n<p>Estem molt orgullosos de rebre aquesta medalla d\u2019honor en reconeixement a la nostra tasca de quasi 40  anys.<\/p>\n\n\n\n<figure class=\"wp-block-image size-full is-resized\"><img loading=\"lazy\" decoding=\"async\" width=\"434\" height=\"640\" src=\"https:\/\/perits.org\/wp-content\/uploads\/2025\/11\/foto1.jpg\" alt=\"\" class=\"wp-image-882\" style=\"width:336px;height:auto\" srcset=\"https:\/\/perits.org\/wp-content\/uploads\/2025\/11\/foto1.jpg 434w, https:\/\/perits.org\/wp-content\/uploads\/2025\/11\/foto1-203x300.jpg 203w, https:\/\/perits.org\/wp-content\/uploads\/2025\/11\/foto1-8x12.jpg 8w\" sizes=\"auto, (max-width: 434px) 100vw, 434px\" \/><\/figure>\n\n\n\n<figure class=\"wp-block-image size-full is-resized\"><img loading=\"lazy\" decoding=\"async\" width=\"640\" height=\"596\" src=\"https:\/\/perits.org\/wp-content\/uploads\/2025\/11\/foto2.jpg\" alt=\"\" class=\"wp-image-883\" style=\"width:320px;height:auto\" srcset=\"https:\/\/perits.org\/wp-content\/uploads\/2025\/11\/foto2.jpg 640w, https:\/\/perits.org\/wp-content\/uploads\/2025\/11\/foto2-300x279.jpg 300w, https:\/\/perits.org\/wp-content\/uploads\/2025\/11\/foto2-13x12.jpg 13w\" sizes=\"auto, (max-width: 640px) 100vw, 640px\" \/><\/figure>\n\n\n\n<figure class=\"wp-block-image size-full is-resized\"><img loading=\"lazy\" decoding=\"async\" width=\"640\" height=\"480\" src=\"https:\/\/perits.org\/wp-content\/uploads\/2025\/11\/foto3.jpg\" alt=\"\" class=\"wp-image-884\" style=\"width:427px;height:auto\" srcset=\"https:\/\/perits.org\/wp-content\/uploads\/2025\/11\/foto3.jpg 640w, https:\/\/perits.org\/wp-content\/uploads\/2025\/11\/foto3-300x225.jpg 300w, https:\/\/perits.org\/wp-content\/uploads\/2025\/11\/foto3-16x12.jpg 16w\" sizes=\"auto, (max-width: 640px) 100vw, 640px\" \/><\/figure>\n\n\n\n<figure class=\"wp-block-image size-large is-resized\"><img loading=\"lazy\" decoding=\"async\" width=\"1024\" height=\"1002\" src=\"https:\/\/perits.org\/wp-content\/uploads\/2025\/11\/foto-4-1024x1002.jpg\" alt=\"\" class=\"wp-image-885\" style=\"width:375px;height:auto\" srcset=\"https:\/\/perits.org\/wp-content\/uploads\/2025\/11\/foto-4-1024x1002.jpg 1024w, https:\/\/perits.org\/wp-content\/uploads\/2025\/11\/foto-4-300x294.jpg 300w, https:\/\/perits.org\/wp-content\/uploads\/2025\/11\/foto-4-768x751.jpg 768w, https:\/\/perits.org\/wp-content\/uploads\/2025\/11\/foto-4-12x12.jpg 12w, https:\/\/perits.org\/wp-content\/uploads\/2025\/11\/foto-4.jpg 1200w\" sizes=\"auto, (max-width: 1024px) 100vw, 1024px\" \/><\/figure>\n\n\n\n<figure class=\"wp-block-image size-large is-resized\"><img loading=\"lazy\" decoding=\"async\" width=\"768\" height=\"1024\" src=\"https:\/\/perits.org\/wp-content\/uploads\/2025\/11\/d42456e7-52a8-477b-ba54-7a41ab2d6d1f-768x1024.jpg\" alt=\"\" class=\"wp-image-886\" style=\"width:277px;height:auto\" srcset=\"https:\/\/perits.org\/wp-content\/uploads\/2025\/11\/d42456e7-52a8-477b-ba54-7a41ab2d6d1f-768x1024.jpg 768w, https:\/\/perits.org\/wp-content\/uploads\/2025\/11\/d42456e7-52a8-477b-ba54-7a41ab2d6d1f-225x300.jpg 225w, https:\/\/perits.org\/wp-content\/uploads\/2025\/11\/d42456e7-52a8-477b-ba54-7a41ab2d6d1f-1152x1536.jpg 1152w, https:\/\/perits.org\/wp-content\/uploads\/2025\/11\/d42456e7-52a8-477b-ba54-7a41ab2d6d1f-9x12.jpg 9w, https:\/\/perits.org\/wp-content\/uploads\/2025\/11\/d42456e7-52a8-477b-ba54-7a41ab2d6d1f.jpg 1200w\" sizes=\"auto, (max-width: 768px) 100vw, 768px\" \/><\/figure>\n\n\n\n<figure class=\"wp-block-image size-large is-resized\"><img loading=\"lazy\" decoding=\"async\" width=\"768\" height=\"1024\" src=\"https:\/\/perits.org\/wp-content\/uploads\/2025\/11\/038d195a-d160-412c-a72f-7e316f9ea425-768x1024.jpg\" alt=\"\" class=\"wp-image-887\" style=\"width:279px;height:auto\" srcset=\"https:\/\/perits.org\/wp-content\/uploads\/2025\/11\/038d195a-d160-412c-a72f-7e316f9ea425-768x1024.jpg 768w, https:\/\/perits.org\/wp-content\/uploads\/2025\/11\/038d195a-d160-412c-a72f-7e316f9ea425-225x300.jpg 225w, https:\/\/perits.org\/wp-content\/uploads\/2025\/11\/038d195a-d160-412c-a72f-7e316f9ea425-1152x1536.jpg 1152w, https:\/\/perits.org\/wp-content\/uploads\/2025\/11\/038d195a-d160-412c-a72f-7e316f9ea425-9x12.jpg 9w, https:\/\/perits.org\/wp-content\/uploads\/2025\/11\/038d195a-d160-412c-a72f-7e316f9ea425.jpg 1200w\" sizes=\"auto, (max-width: 768px) 100vw, 768px\" \/><\/figure>","protected":false},"excerpt":{"rendered":"<p>Dins la celebraci\u00f3 del Dia de la Just\u00edcia 2025, el Departament de Just\u00edcia i Qualitat Democr\u00e0tica (DJQD) de la Generalitat de Catalunya va atorgar el passat 24 de novembre a l\u2019Associaci\u00f3 Catalana de Perits Judicials la medalla d\u2019honor de la Generalitat de Catalunya pels serveis excepcionals a la Just\u00edcia. Aquesta distinci\u00f3 vol premiar la contribuci\u00f3 [&hellip;]<\/p>","protected":false},"author":2,"featured_media":0,"comment_status":"open","ping_status":"open","sticky":false,"template":"","format":"standard","meta":{"_acf_changed":false,"footnotes":""},"categories":[1],"tags":[],"class_list":["post-872","post","type-post","status-publish","format-standard","hentry","category-sense-categoria"],"acf":[],"yoast_head":"<!-- This site is optimized with the Yoast SEO plugin v24.0 - https:\/\/yoast.com\/wordpress\/plugins\/seo\/ -->\n<title>Dia de la Just\u00edcia 2025: Entrega de la Medalla d&#039; Honor de la Generalitat de Catalunya a l&#039; Associaci\u00f3 Catalana de Perits Judicials pels serveis excepcionals a la Just\u00edcia. - Perits.org<\/title>\n<meta name=\"robots\" content=\"index, follow, max-snippet:-1, max-image-preview:large, max-video-preview:-1\" \/>\n<link rel=\"canonical\" href=\"https:\/\/perits.org\/es\/entrega-a-l-associacio-catalana-de-perits-judicials-la-medalla-dhonor-de-la-generalitat-de-catalunya-pels-serveis-prestats-a-la-justicia\/\" \/>\n<meta property=\"og:locale\" content=\"es_ES\" \/>\n<meta property=\"og:type\" content=\"article\" \/>\n<meta property=\"og:title\" content=\"Dia de la Just\u00edcia 2025: Entrega de la Medalla d&#039; Honor de la Generalitat de Catalunya a l&#039; Associaci\u00f3 Catalana de Perits Judicials pels serveis excepcionals a la Just\u00edcia. - Perits.org\" \/>\n<meta property=\"og:description\" content=\"Dins la celebraci\u00f3 del Dia de la Just\u00edcia 2025, el Departament de Just\u00edcia i Qualitat Democr\u00e0tica (DJQD) de la Generalitat de Catalunya va atorgar el passat 24 de novembre a l\u2019Associaci\u00f3 Catalana de Perits Judicials la medalla d\u2019honor de la Generalitat de Catalunya pels serveis excepcionals a la Just\u00edcia. Aquesta distinci\u00f3 vol premiar la contribuci\u00f3 [&hellip;]\" \/>\n<meta property=\"og:url\" content=\"https:\/\/perits.org\/es\/entrega-a-l-associacio-catalana-de-perits-judicials-la-medalla-dhonor-de-la-generalitat-de-catalunya-pels-serveis-prestats-a-la-justicia\/\" \/>\n<meta property=\"og:site_name\" content=\"Perits.org\" \/>\n<meta property=\"article:published_time\" content=\"2025-10-29T12:01:50+00:00\" \/>\n<meta property=\"article:modified_time\" content=\"2025-11-26T09:53:53+00:00\" \/>\n<meta property=\"og:image\" content=\"https:\/\/perits.org\/wp-content\/uploads\/2025\/11\/foto1.jpg\" \/>\n\t<meta property=\"og:image:width\" content=\"434\" \/>\n\t<meta property=\"og:image:height\" content=\"640\" \/>\n\t<meta property=\"og:image:type\" content=\"image\/jpeg\" \/>\n<meta name=\"author\" content=\"Rosa Closa\" \/>\n<meta name=\"twitter:card\" content=\"summary_large_image\" \/>\n<meta name=\"twitter:label1\" content=\"Escrito por\" \/>\n\t<meta name=\"twitter:data1\" content=\"Rosa Closa\" \/>\n\t<meta name=\"twitter:label2\" content=\"Tiempo de lectura\" \/>\n\t<meta name=\"twitter:data2\" content=\"2 minutos\" \/>\n<script type=\"application\/ld+json\" class=\"yoast-schema-graph\">{\"@context\":\"https:\/\/schema.org\",\"@graph\":[{\"@type\":\"WebPage\",\"@id\":\"https:\/\/perits.org\/entrega-a-l-associacio-catalana-de-perits-judicials-la-medalla-dhonor-de-la-generalitat-de-catalunya-pels-serveis-prestats-a-la-justicia\/\",\"url\":\"https:\/\/perits.org\/entrega-a-l-associacio-catalana-de-perits-judicials-la-medalla-dhonor-de-la-generalitat-de-catalunya-pels-serveis-prestats-a-la-justicia\/\",\"name\":\"Dia de la Just\u00edcia 2025: Entrega de la Medalla d' Honor de la Generalitat de Catalunya a l' Associaci\u00f3 Catalana de Perits Judicials pels serveis excepcionals a la Just\u00edcia. - Perits.org\",\"isPartOf\":{\"@id\":\"https:\/\/perits.org\/#website\"},\"primaryImageOfPage\":{\"@id\":\"https:\/\/perits.org\/entrega-a-l-associacio-catalana-de-perits-judicials-la-medalla-dhonor-de-la-generalitat-de-catalunya-pels-serveis-prestats-a-la-justicia\/#primaryimage\"},\"image\":{\"@id\":\"https:\/\/perits.org\/entrega-a-l-associacio-catalana-de-perits-judicials-la-medalla-dhonor-de-la-generalitat-de-catalunya-pels-serveis-prestats-a-la-justicia\/#primaryimage\"},\"thumbnailUrl\":\"https:\/\/perits.org\/wp-content\/uploads\/2025\/11\/foto1.jpg\",\"datePublished\":\"2025-10-29T12:01:50+00:00\",\"dateModified\":\"2025-11-26T09:53:53+00:00\",\"author\":{\"@id\":\"https:\/\/perits.org\/#\/schema\/person\/eb2e587216dff84a025162d0966dda9a\"},\"breadcrumb\":{\"@id\":\"https:\/\/perits.org\/entrega-a-l-associacio-catalana-de-perits-judicials-la-medalla-dhonor-de-la-generalitat-de-catalunya-pels-serveis-prestats-a-la-justicia\/#breadcrumb\"},\"inLanguage\":\"es\",\"potentialAction\":[{\"@type\":\"ReadAction\",\"target\":[\"https:\/\/perits.org\/entrega-a-l-associacio-catalana-de-perits-judicials-la-medalla-dhonor-de-la-generalitat-de-catalunya-pels-serveis-prestats-a-la-justicia\/\"]}]},{\"@type\":\"ImageObject\",\"inLanguage\":\"es\",\"@id\":\"https:\/\/perits.org\/entrega-a-l-associacio-catalana-de-perits-judicials-la-medalla-dhonor-de-la-generalitat-de-catalunya-pels-serveis-prestats-a-la-justicia\/#primaryimage\",\"url\":\"https:\/\/perits.org\/wp-content\/uploads\/2025\/11\/foto1.jpg\",\"contentUrl\":\"https:\/\/perits.org\/wp-content\/uploads\/2025\/11\/foto1.jpg\"},{\"@type\":\"BreadcrumbList\",\"@id\":\"https:\/\/perits.org\/entrega-a-l-associacio-catalana-de-perits-judicials-la-medalla-dhonor-de-la-generalitat-de-catalunya-pels-serveis-prestats-a-la-justicia\/#breadcrumb\",\"itemListElement\":[{\"@type\":\"ListItem\",\"position\":1,\"name\":\"Inici\",\"item\":\"https:\/\/perits.org\/\"},{\"@type\":\"ListItem\",\"position\":2,\"name\":\"Dia de la Just\u00edcia 2025: Entrega de la Medalla d&#8217; Honor de la Generalitat de Catalunya a l&#8217; Associaci\u00f3 Catalana de Perits Judicials pels serveis excepcionals a la Just\u00edcia.\"}]},{\"@type\":\"WebSite\",\"@id\":\"https:\/\/perits.org\/#website\",\"url\":\"https:\/\/perits.org\/\",\"name\":\"Perits.org\",\"description\":\"\",\"potentialAction\":[{\"@type\":\"SearchAction\",\"target\":{\"@type\":\"EntryPoint\",\"urlTemplate\":\"https:\/\/perits.org\/?s={search_term_string}\"},\"query-input\":{\"@type\":\"PropertyValueSpecification\",\"valueRequired\":true,\"valueName\":\"search_term_string\"}}],\"inLanguage\":\"es\"},{\"@type\":\"Person\",\"@id\":\"https:\/\/perits.org\/#\/schema\/person\/eb2e587216dff84a025162d0966dda9a\",\"name\":\"Rosa Closa\",\"image\":{\"@type\":\"ImageObject\",\"inLanguage\":\"es\",\"@id\":\"https:\/\/perits.org\/#\/schema\/person\/image\/\",\"url\":\"https:\/\/secure.gravatar.com\/avatar\/8d323896fdd6c1d60a2cd046675ee2823e99d0013c8bda4b528191e5acef7752?s=96&d=mm&r=g\",\"contentUrl\":\"https:\/\/secure.gravatar.com\/avatar\/8d323896fdd6c1d60a2cd046675ee2823e99d0013c8bda4b528191e5acef7752?s=96&d=mm&r=g\",\"caption\":\"Rosa Closa\"},\"url\":\"https:\/\/perits.org\/es\/author\/rosa\/\"}]}<\/script>\n<!-- \/ Yoast SEO plugin. -->","yoast_head_json":{"title":"Dia de la Just\u00edcia 2025: Entrega de la Medalla d' Honor de la Generalitat de Catalunya a l' Associaci\u00f3 Catalana de Perits Judicials pels serveis excepcionals a la Just\u00edcia. - Perits.org","robots":{"index":"index","follow":"follow","max-snippet":"max-snippet:-1","max-image-preview":"max-image-preview:large","max-video-preview":"max-video-preview:-1"},"canonical":"https:\/\/perits.org\/es\/entrega-a-l-associacio-catalana-de-perits-judicials-la-medalla-dhonor-de-la-generalitat-de-catalunya-pels-serveis-prestats-a-la-justicia\/","og_locale":"es_ES","og_type":"article","og_title":"Dia de la Just\u00edcia 2025: Entrega de la Medalla d' Honor de la Generalitat de Catalunya a l' Associaci\u00f3 Catalana de Perits Judicials pels serveis excepcionals a la Just\u00edcia. - Perits.org","og_description":"Dins la celebraci\u00f3 del Dia de la Just\u00edcia 2025, el Departament de Just\u00edcia i Qualitat Democr\u00e0tica (DJQD) de la Generalitat de Catalunya va atorgar el passat 24 de novembre a l\u2019Associaci\u00f3 Catalana de Perits Judicials la medalla d\u2019honor de la Generalitat de Catalunya pels serveis excepcionals a la Just\u00edcia. Aquesta distinci\u00f3 vol premiar la contribuci\u00f3 [&hellip;]","og_url":"https:\/\/perits.org\/es\/entrega-a-l-associacio-catalana-de-perits-judicials-la-medalla-dhonor-de-la-generalitat-de-catalunya-pels-serveis-prestats-a-la-justicia\/","og_site_name":"Perits.org","article_published_time":"2025-10-29T12:01:50+00:00","article_modified_time":"2025-11-26T09:53:53+00:00","og_image":[{"width":434,"height":640,"url":"https:\/\/perits.org\/wp-content\/uploads\/2025\/11\/foto1.jpg","type":"image\/jpeg"}],"author":"Rosa Closa","twitter_card":"summary_large_image","twitter_misc":{"Escrito por":"Rosa Closa","Tiempo de lectura":"2 minutos"},"schema":{"@context":"https:\/\/schema.org","@graph":[{"@type":"WebPage","@id":"https:\/\/perits.org\/entrega-a-l-associacio-catalana-de-perits-judicials-la-medalla-dhonor-de-la-generalitat-de-catalunya-pels-serveis-prestats-a-la-justicia\/","url":"https:\/\/perits.org\/entrega-a-l-associacio-catalana-de-perits-judicials-la-medalla-dhonor-de-la-generalitat-de-catalunya-pels-serveis-prestats-a-la-justicia\/","name":"Dia de la Just\u00edcia 2025: Entrega de la Medalla d' Honor de la Generalitat de Catalunya a l' Associaci\u00f3 Catalana de Perits Judicials pels serveis excepcionals a la Just\u00edcia. - Perits.org","isPartOf":{"@id":"https:\/\/perits.org\/#website"},"primaryImageOfPage":{"@id":"https:\/\/perits.org\/entrega-a-l-associacio-catalana-de-perits-judicials-la-medalla-dhonor-de-la-generalitat-de-catalunya-pels-serveis-prestats-a-la-justicia\/#primaryimage"},"image":{"@id":"https:\/\/perits.org\/entrega-a-l-associacio-catalana-de-perits-judicials-la-medalla-dhonor-de-la-generalitat-de-catalunya-pels-serveis-prestats-a-la-justicia\/#primaryimage"},"thumbnailUrl":"https:\/\/perits.org\/wp-content\/uploads\/2025\/11\/foto1.jpg","datePublished":"2025-10-29T12:01:50+00:00","dateModified":"2025-11-26T09:53:53+00:00","author":{"@id":"https:\/\/perits.org\/#\/schema\/person\/eb2e587216dff84a025162d0966dda9a"},"breadcrumb":{"@id":"https:\/\/perits.org\/entrega-a-l-associacio-catalana-de-perits-judicials-la-medalla-dhonor-de-la-generalitat-de-catalunya-pels-serveis-prestats-a-la-justicia\/#breadcrumb"},"inLanguage":"es","potentialAction":[{"@type":"ReadAction","target":["https:\/\/perits.org\/entrega-a-l-associacio-catalana-de-perits-judicials-la-medalla-dhonor-de-la-generalitat-de-catalunya-pels-serveis-prestats-a-la-justicia\/"]}]},{"@type":"ImageObject","inLanguage":"es","@id":"https:\/\/perits.org\/entrega-a-l-associacio-catalana-de-perits-judicials-la-medalla-dhonor-de-la-generalitat-de-catalunya-pels-serveis-prestats-a-la-justicia\/#primaryimage","url":"https:\/\/perits.org\/wp-content\/uploads\/2025\/11\/foto1.jpg","contentUrl":"https:\/\/perits.org\/wp-content\/uploads\/2025\/11\/foto1.jpg"},{"@type":"BreadcrumbList","@id":"https:\/\/perits.org\/entrega-a-l-associacio-catalana-de-perits-judicials-la-medalla-dhonor-de-la-generalitat-de-catalunya-pels-serveis-prestats-a-la-justicia\/#breadcrumb","itemListElement":[{"@type":"ListItem","position":1,"name":"Inici","item":"https:\/\/perits.org\/"},{"@type":"ListItem","position":2,"name":"Dia de la Just\u00edcia 2025: Entrega de la Medalla d&#8217; Honor de la Generalitat de Catalunya a l&#8217; Associaci\u00f3 Catalana de Perits Judicials pels serveis excepcionals a la Just\u00edcia."}]},{"@type":"WebSite","@id":"https:\/\/perits.org\/#website","url":"https:\/\/perits.org\/","name":"Perits.org","description":"","potentialAction":[{"@type":"SearchAction","target":{"@type":"EntryPoint","urlTemplate":"https:\/\/perits.org\/?s={search_term_string}"},"query-input":{"@type":"PropertyValueSpecification","valueRequired":true,"valueName":"search_term_string"}}],"inLanguage":"es"},{"@type":"Person","@id":"https:\/\/perits.org\/#\/schema\/person\/eb2e587216dff84a025162d0966dda9a","name":"Rosa Closa","image":{"@type":"ImageObject","inLanguage":"es","@id":"https:\/\/perits.org\/#\/schema\/person\/image\/","url":"https:\/\/secure.gravatar.com\/avatar\/8d323896fdd6c1d60a2cd046675ee2823e99d0013c8bda4b528191e5acef7752?s=96&d=mm&r=g","contentUrl":"https:\/\/secure.gravatar.com\/avatar\/8d323896fdd6c1d60a2cd046675ee2823e99d0013c8bda4b528191e5acef7752?s=96&d=mm&r=g","caption":"Rosa Closa"},"url":"https:\/\/perits.org\/es\/author\/rosa\/"}]}},"_links":{"self":[{"href":"https:\/\/perits.org\/es\/wp-json\/wp\/v2\/posts\/872","targetHints":{"allow":["GET"]}}],"collection":[{"href":"https:\/\/perits.org\/es\/wp-json\/wp\/v2\/posts"}],"about":[{"href":"https:\/\/perits.org\/es\/wp-json\/wp\/v2\/types\/post"}],"author":[{"embeddable":true,"href":"https:\/\/perits.org\/es\/wp-json\/wp\/v2\/users\/2"}],"replies":[{"embeddable":true,"href":"https:\/\/perits.org\/es\/wp-json\/wp\/v2\/comments?post=872"}],"version-history":[{"count":5,"href":"https:\/\/perits.org\/es\/wp-json\/wp\/v2\/posts\/872\/revisions"}],"predecessor-version":[{"id":892,"href":"https:\/\/perits.org\/es\/wp-json\/wp\/v2\/posts\/872\/revisions\/892"}],"wp:attachment":[{"href":"https:\/\/perits.org\/es\/wp-json\/wp\/v2\/media?parent=872"}],"wp:term":[{"taxonomy":"category","embeddable":true,"href":"https:\/\/perits.org\/es\/wp-json\/wp\/v2\/categories?post=872"},{"taxonomy":"post_tag","embeddable":true,"href":"https:\/\/perits.org\/es\/wp-json\/wp\/v2\/tags?post=872"}],"curies":[{"name":"wp","href":"https:\/\/api.w.org\/{rel}","templated":true}]}}