{"id":795,"date":"2025-03-12T13:28:45","date_gmt":"2025-03-12T12:28:45","guid":{"rendered":"https:\/\/perits.org\/?p=795"},"modified":"2025-03-19T18:31:11","modified_gmt":"2025-03-19T17:31:11","slug":"el-perito-ante-los-importantes-cambios-de-la-ley","status":"publish","type":"post","link":"https:\/\/perits.org\/es\/el-perito-ante-los-importantes-cambios-de-la-ley\/","title":{"rendered":"JORNADA: \u201cEl perito ante los importantes cambios de la Ley 1\/2025 de 2 de enero, de medidas en materia de eficiencia del Servicio P\u00fablico de Justicia\u201d, 2 de abril de 2025."},"content":{"rendered":"<p><\/p>\n\n\n\n<p>El pr\u00f3ximo 3 de abril entra en vigor la <strong><em>Ley Org\u00e1nica 1\/2025, de 2 de enero, de medidas en materia de eficiencia del Servicio P\u00fablico de Justicio<\/em><\/strong><em>a<\/em>, que provocar\u00e1 unos importantes cambios en la din\u00e1mica judicial y tambi\u00e9n en la labor de los peritos.<\/p>\n\n\n\n<p>Dada la importancia de esta nueva Ley, y para saber c\u00f3mo afecta al colectivo de peritos, nuestra Asociaci\u00f3n, en colaboraci\u00f3n con el CONSEJO GENERAL DE PERITOS JUDICIALES Y COLABORADORAS DE LA ADMINISTRACI\u00d3N DE JUSTICIA, organiza la Jornada titulada:<\/p>\n\n\n\n<p><strong>&quot;El perito ante los importantes cambios de la Ley 1\/2025 de 2 de enero, de medidas en materia de eficiencia del Servicio P\u00fablico de Justicia&quot;.<\/strong>La poniente ser\u00e1 la Ilma. D\u00aa. Carmen Guil Rom\u00e1n. Magistrada de la Secci\u00f3n 3\u00aa de la Audiencia Provincial de Barcelona y presidenta del Grupo Europeo de Magistrados por la Mediaci\u00f3n de Espa\u00f1a (GEMME).<\/p>\n\n\n\n<p>Esta Jornada se celebrar\u00e1 online&nbsp;<strong><u>mi\u00e9rcoles 2 de abril de 2025 a las 18:00 h<\/u><\/strong>.<\/p>\n\n\n\n<p>Adjuntamos el link de la Ley 1\/2025 &nbsp;<a href=\"https:\/\/www.boe.es\/buscar\/act.php?id=BOE-A-2025-76\" target=\"_blank\" rel=\"noreferrer noopener\">https:\/\/www.boe.es\/buscar\/act.php?id=BOE-A-2025-76<\/a> <\/p>\n\n\n\n<p>Le animamos a que se apunte, pues seguro que le resultar\u00e1 muy \u00fatil para conocer con m\u00e1s profundidad c\u00f3mo afecta el contenido de esta Ley a la tarea del perito.<\/p>\n\n\n\n<p>Inscripci\u00f3n: enviando un e-mail a <a href=\"mailto:peritos@asociaperitos.com\">peritos@asociaperitos.com<\/a>. Fecha l\u00edmite 1 de abril de 2025.<\/p>\n\n\n\n<p>ASOCIADOS y miembros del Consejo General de Peritos Judiciales: gratuita.<\/p>\n\n\n\n<p>No ASOCIADOS: 15 euros a ingresar en la cuenta del Consejo General de Peritos Judiciales:<\/p>\n\n\n\n<p>ES54 0081 0145 0100 04025711 (enviar resguardo)<\/p>\n\n\n\n<p>Unos d\u00edas antes se enviar\u00e1 el link de la reuni\u00f3n a los inscritos.<\/p>\n\n\n\n<p><\/p>","protected":false},"excerpt":{"rendered":"<p>El pr\u00f3ximo 3 de abril entra en vigor la Ley Org\u00e1nica 1\/2025, de 2 de enero, de medidas en materia de eficiencia del Servicio P\u00fablico de Justicia, que provocar\u00e1 unos importantes cambios en la din\u00e1mica judicial y tambi\u00e9n en la labor de los peritos. Dada la importancia de esta nueva Ley, y para saber c\u00f3mo afecta al colectivo [\u2026]<\/p>","protected":false},"author":2,"featured_media":0,"comment_status":"open","ping_status":"open","sticky":false,"template":"","format":"standard","meta":{"_acf_changed":false,"footnotes":""},"categories":[1],"tags":[],"class_list":["post-795","post","type-post","status-publish","format-standard","hentry","category-sense-categoria"],"acf":[],"yoast_head":"<!-- This site is optimized with the Yoast SEO plugin v24.0 - https:\/\/yoast.com\/wordpress\/plugins\/seo\/ -->\n<title>JORNADA: \u201cEl perito ante los importantes cambios de la Ley 1\/2025 de 2 de enero, de medidas en materia de eficiencia del Servicio P\u00fablico de Just\u00edcia\u201d, 2 d&#039;abril de 2025. - Perits.org<\/title>\n<meta name=\"robots\" content=\"index, follow, max-snippet:-1, max-image-preview:large, max-video-preview:-1\" \/>\n<link rel=\"canonical\" href=\"https:\/\/perits.org\/es\/el-perito-ante-los-importantes-cambios-de-la-ley\/\" \/>\n<meta property=\"og:locale\" content=\"es_ES\" \/>\n<meta property=\"og:type\" content=\"article\" \/>\n<meta property=\"og:title\" content=\"JORNADA: \u201cEl perito ante los importantes cambios de la Ley 1\/2025 de 2 de enero, de medidas en materia de eficiencia del Servicio P\u00fablico de Just\u00edcia\u201d, 2 d&#039;abril de 2025. - Perits.org\" \/>\n<meta property=\"og:description\" content=\"El proper 3 d\u2019abril entra en vigor la Ley Org\u00e1nica 1\/2025, de 2 de enero, de medidas en materia de eficiencia del Servicio P\u00fablico de Justicia, que provocar\u00e0 uns importants canvis en la din\u00e0mica judicial i tamb\u00e9 en la tasca dels p\u00e8rits. Atesa la import\u00e0ncia d\u2019aquesta nova Llei, i per saber com afecta al col\u00b7lectiu [&hellip;]\" \/>\n<meta property=\"og:url\" content=\"https:\/\/perits.org\/es\/el-perito-ante-los-importantes-cambios-de-la-ley\/\" \/>\n<meta property=\"og:site_name\" content=\"Perits.org\" \/>\n<meta property=\"article:published_time\" content=\"2025-03-12T12:28:45+00:00\" \/>\n<meta property=\"article:modified_time\" content=\"2025-03-19T17:31:11+00:00\" \/>\n<meta name=\"author\" content=\"Rosa Closa\" \/>\n<meta name=\"twitter:card\" content=\"summary_large_image\" \/>\n<meta name=\"twitter:label1\" content=\"Escrito por\" \/>\n\t<meta name=\"twitter:data1\" content=\"Rosa Closa\" \/>\n\t<meta name=\"twitter:label2\" content=\"Tiempo de lectura\" \/>\n\t<meta name=\"twitter:data2\" content=\"2 minutos\" \/>\n<script type=\"application\/ld+json\" class=\"yoast-schema-graph\">{\"@context\":\"https:\/\/schema.org\",\"@graph\":[{\"@type\":\"WebPage\",\"@id\":\"https:\/\/perits.org\/el-perito-ante-los-importantes-cambios-de-la-ley\/\",\"url\":\"https:\/\/perits.org\/el-perito-ante-los-importantes-cambios-de-la-ley\/\",\"name\":\"JORNADA: \u201cEl perito ante los importantes cambios de la Ley 1\/2025 de 2 de enero, de medidas en materia de eficiencia del Servicio P\u00fablico de Just\u00edcia\u201d, 2 d'abril de 2025. - Perits.org\",\"isPartOf\":{\"@id\":\"https:\/\/perits.org\/#website\"},\"datePublished\":\"2025-03-12T12:28:45+00:00\",\"dateModified\":\"2025-03-19T17:31:11+00:00\",\"author\":{\"@id\":\"https:\/\/perits.org\/#\/schema\/person\/eb2e587216dff84a025162d0966dda9a\"},\"breadcrumb\":{\"@id\":\"https:\/\/perits.org\/el-perito-ante-los-importantes-cambios-de-la-ley\/#breadcrumb\"},\"inLanguage\":\"es\",\"potentialAction\":[{\"@type\":\"ReadAction\",\"target\":[\"https:\/\/perits.org\/el-perito-ante-los-importantes-cambios-de-la-ley\/\"]}]},{\"@type\":\"BreadcrumbList\",\"@id\":\"https:\/\/perits.org\/el-perito-ante-los-importantes-cambios-de-la-ley\/#breadcrumb\",\"itemListElement\":[{\"@type\":\"ListItem\",\"position\":1,\"name\":\"Inici\",\"item\":\"https:\/\/perits.org\/\"},{\"@type\":\"ListItem\",\"position\":2,\"name\":\"JORNADA: \u201cEl perito ante los importantes cambios de la Ley 1\/2025 de 2 de enero, de medidas en materia de eficiencia del Servicio P\u00fablico de Just\u00edcia\u201d, 2 d&#8217;abril de 2025.\"}]},{\"@type\":\"WebSite\",\"@id\":\"https:\/\/perits.org\/#website\",\"url\":\"https:\/\/perits.org\/\",\"name\":\"Perits.org\",\"description\":\"\",\"potentialAction\":[{\"@type\":\"SearchAction\",\"target\":{\"@type\":\"EntryPoint\",\"urlTemplate\":\"https:\/\/perits.org\/?s={search_term_string}\"},\"query-input\":{\"@type\":\"PropertyValueSpecification\",\"valueRequired\":true,\"valueName\":\"search_term_string\"}}],\"inLanguage\":\"es\"},{\"@type\":\"Person\",\"@id\":\"https:\/\/perits.org\/#\/schema\/person\/eb2e587216dff84a025162d0966dda9a\",\"name\":\"Rosa Closa\",\"image\":{\"@type\":\"ImageObject\",\"inLanguage\":\"es\",\"@id\":\"https:\/\/perits.org\/#\/schema\/person\/image\/\",\"url\":\"https:\/\/secure.gravatar.com\/avatar\/8d323896fdd6c1d60a2cd046675ee2823e99d0013c8bda4b528191e5acef7752?s=96&d=mm&r=g\",\"contentUrl\":\"https:\/\/secure.gravatar.com\/avatar\/8d323896fdd6c1d60a2cd046675ee2823e99d0013c8bda4b528191e5acef7752?s=96&d=mm&r=g\",\"caption\":\"Rosa Closa\"},\"url\":\"https:\/\/perits.org\/es\/author\/rosa\/\"}]}<\/script>\n<!-- \/ Yoast SEO plugin. -->","yoast_head_json":{"title":"JORNADA: \u201cEl perito ante los importantes cambios de la Ley 1\/2025 de 2 de enero, de medidas en materia de eficiencia del Servicio P\u00fablico de Just\u00edcia\u201d, 2 d'abril de 2025. - Perits.org","robots":{"index":"index","follow":"follow","max-snippet":"max-snippet:-1","max-image-preview":"max-image-preview:large","max-video-preview":"max-video-preview:-1"},"canonical":"https:\/\/perits.org\/es\/el-perito-ante-los-importantes-cambios-de-la-ley\/","og_locale":"es_ES","og_type":"article","og_title":"JORNADA: \u201cEl perito ante los importantes cambios de la Ley 1\/2025 de 2 de enero, de medidas en materia de eficiencia del Servicio P\u00fablico de Just\u00edcia\u201d, 2 d'abril de 2025. - Perits.org","og_description":"El proper 3 d\u2019abril entra en vigor la Ley Org\u00e1nica 1\/2025, de 2 de enero, de medidas en materia de eficiencia del Servicio P\u00fablico de Justicia, que provocar\u00e0 uns importants canvis en la din\u00e0mica judicial i tamb\u00e9 en la tasca dels p\u00e8rits. Atesa la import\u00e0ncia d\u2019aquesta nova Llei, i per saber com afecta al col\u00b7lectiu [&hellip;]","og_url":"https:\/\/perits.org\/es\/el-perito-ante-los-importantes-cambios-de-la-ley\/","og_site_name":"Perits.org","article_published_time":"2025-03-12T12:28:45+00:00","article_modified_time":"2025-03-19T17:31:11+00:00","author":"Rosa Closa","twitter_card":"summary_large_image","twitter_misc":{"Escrito por":"Rosa Closa","Tiempo de lectura":"2 minutos"},"schema":{"@context":"https:\/\/schema.org","@graph":[{"@type":"WebPage","@id":"https:\/\/perits.org\/el-perito-ante-los-importantes-cambios-de-la-ley\/","url":"https:\/\/perits.org\/el-perito-ante-los-importantes-cambios-de-la-ley\/","name":"JORNADA: \u201cEl perito ante los importantes cambios de la Ley 1\/2025 de 2 de enero, de medidas en materia de eficiencia del Servicio P\u00fablico de Just\u00edcia\u201d, 2 d'abril de 2025. - Perits.org","isPartOf":{"@id":"https:\/\/perits.org\/#website"},"datePublished":"2025-03-12T12:28:45+00:00","dateModified":"2025-03-19T17:31:11+00:00","author":{"@id":"https:\/\/perits.org\/#\/schema\/person\/eb2e587216dff84a025162d0966dda9a"},"breadcrumb":{"@id":"https:\/\/perits.org\/el-perito-ante-los-importantes-cambios-de-la-ley\/#breadcrumb"},"inLanguage":"es","potentialAction":[{"@type":"ReadAction","target":["https:\/\/perits.org\/el-perito-ante-los-importantes-cambios-de-la-ley\/"]}]},{"@type":"BreadcrumbList","@id":"https:\/\/perits.org\/el-perito-ante-los-importantes-cambios-de-la-ley\/#breadcrumb","itemListElement":[{"@type":"ListItem","position":1,"name":"Inici","item":"https:\/\/perits.org\/"},{"@type":"ListItem","position":2,"name":"JORNADA: \u201cEl perito ante los importantes cambios de la Ley 1\/2025 de 2 de enero, de medidas en materia de eficiencia del Servicio P\u00fablico de Just\u00edcia\u201d, 2 d&#8217;abril de 2025."}]},{"@type":"WebSite","@id":"https:\/\/perits.org\/#website","url":"https:\/\/perits.org\/","name":"Perits.org","description":"","potentialAction":[{"@type":"SearchAction","target":{"@type":"EntryPoint","urlTemplate":"https:\/\/perits.org\/?s={search_term_string}"},"query-input":{"@type":"PropertyValueSpecification","valueRequired":true,"valueName":"search_term_string"}}],"inLanguage":"es"},{"@type":"Person","@id":"https:\/\/perits.org\/#\/schema\/person\/eb2e587216dff84a025162d0966dda9a","name":"Rosa Closa","image":{"@type":"ImageObject","inLanguage":"es","@id":"https:\/\/perits.org\/#\/schema\/person\/image\/","url":"https:\/\/secure.gravatar.com\/avatar\/8d323896fdd6c1d60a2cd046675ee2823e99d0013c8bda4b528191e5acef7752?s=96&d=mm&r=g","contentUrl":"https:\/\/secure.gravatar.com\/avatar\/8d323896fdd6c1d60a2cd046675ee2823e99d0013c8bda4b528191e5acef7752?s=96&d=mm&r=g","caption":"Rosa Closa"},"url":"https:\/\/perits.org\/es\/author\/rosa\/"}]}},"_links":{"self":[{"href":"https:\/\/perits.org\/es\/wp-json\/wp\/v2\/posts\/795","targetHints":{"allow":["GET"]}}],"collection":[{"href":"https:\/\/perits.org\/es\/wp-json\/wp\/v2\/posts"}],"about":[{"href":"https:\/\/perits.org\/es\/wp-json\/wp\/v2\/types\/post"}],"author":[{"embeddable":true,"href":"https:\/\/perits.org\/es\/wp-json\/wp\/v2\/users\/2"}],"replies":[{"embeddable":true,"href":"https:\/\/perits.org\/es\/wp-json\/wp\/v2\/comments?post=795"}],"version-history":[{"count":7,"href":"https:\/\/perits.org\/es\/wp-json\/wp\/v2\/posts\/795\/revisions"}],"predecessor-version":[{"id":821,"href":"https:\/\/perits.org\/es\/wp-json\/wp\/v2\/posts\/795\/revisions\/821"}],"wp:attachment":[{"href":"https:\/\/perits.org\/es\/wp-json\/wp\/v2\/media?parent=795"}],"wp:term":[{"taxonomy":"category","embeddable":true,"href":"https:\/\/perits.org\/es\/wp-json\/wp\/v2\/categories?post=795"},{"taxonomy":"post_tag","embeddable":true,"href":"https:\/\/perits.org\/es\/wp-json\/wp\/v2\/tags?post=795"}],"curies":[{"name":"wp","href":"https:\/\/api.w.org\/{rel}","templated":true}]}}