{"id":541,"date":"2024-12-09T12:34:22","date_gmt":"2024-12-09T11:34:22","guid":{"rendered":"https:\/\/perits.org\/?p=541"},"modified":"2024-12-09T12:36:30","modified_gmt":"2024-12-09T11:36:30","slug":"assemblea-de-socis-17-12-2024","status":"publish","type":"post","link":"https:\/\/perits.org\/es\/assemblea-de-socis-17-12-2024\/","title":{"rendered":"Asamblea de Socios 17-12-2024"},"content":{"rendered":"<p>Por la presente te convocamos a la ASAMBLEA ORDINARIA ya la ASAMBLEA EXTRAORDINARIA de la ASOCIACI\u00d3N CATALANA DE PERITOS JUDICIALES Y FORENSAS COLABORADORES DE LA ADMINISTRACI\u00d3N DE JUSTICIA, que se celebrar\u00e1 el pr\u00f3ximo d\u00eda <strong><u>17 de diciembre a las 18.30<\/u><\/strong> horas <strong><u>v\u00eda telem\u00e1tica<\/u><\/strong>.<\/p>","protected":false},"excerpt":{"rendered":"<p>Por la presente te convocamos a la ASAMBLEA ORDINARIA ya la ASAMBLEA EXTRAORDINARIA de la ASOCIACI\u00d3N CATALANA DE PERITOS JUDICIALES Y FORENSAS COLABORADORES DE LA ADMINISTRACI\u00d3N DE JUSTICIA, que se celebrar\u00e1 el pr\u00f3ximo d\u00eda 17 de diciembre a las 18 horas.<\/p>","protected":false},"author":2,"featured_media":0,"comment_status":"open","ping_status":"open","sticky":false,"template":"","format":"standard","meta":{"_acf_changed":false,"footnotes":""},"categories":[1],"tags":[],"class_list":["post-541","post","type-post","status-publish","format-standard","hentry","category-sense-categoria"],"acf":[],"yoast_head":"<!-- This site is optimized with the Yoast SEO plugin v24.0 - https:\/\/yoast.com\/wordpress\/plugins\/seo\/ -->\n<title>Assemblea de Socis 17-12-2024 - Perits.org<\/title>\n<meta name=\"robots\" content=\"index, follow, max-snippet:-1, max-image-preview:large, max-video-preview:-1\" \/>\n<link rel=\"canonical\" href=\"https:\/\/perits.org\/es\/assemblea-de-socis-17-12-2024\/\" \/>\n<meta property=\"og:locale\" content=\"es_ES\" \/>\n<meta property=\"og:type\" content=\"article\" \/>\n<meta property=\"og:title\" content=\"Assemblea de Socis 17-12-2024 - Perits.org\" \/>\n<meta property=\"og:description\" content=\"Per la present et convoquem a l&#8217;ASSEMBLEA ORDIN\u00c0RIA\u00a0i a l\u2019ASSEMBLEA EXTRAORDIN\u00c0RIA de l&#8217;ASSOCIACI\u00d3 CATALANA DE PERITS JUDICIALS I FORENSES COL\u00b7LABORADORS DE L&#8217;ADMINISTRACI\u00d3 DE JUST\u00cdCIA, que es celebrar\u00e0 el proper dia 17 de desembre a les 18.30 hores via telem\u00e0tica.\" \/>\n<meta property=\"og:url\" content=\"https:\/\/perits.org\/es\/assemblea-de-socis-17-12-2024\/\" \/>\n<meta property=\"og:site_name\" content=\"Perits.org\" \/>\n<meta property=\"article:published_time\" content=\"2024-12-09T11:34:22+00:00\" \/>\n<meta property=\"article:modified_time\" content=\"2024-12-09T11:36:30+00:00\" \/>\n<meta name=\"author\" content=\"Rosa Closa\" \/>\n<meta name=\"twitter:card\" content=\"summary_large_image\" \/>\n<meta name=\"twitter:label1\" content=\"Escrito por\" \/>\n\t<meta name=\"twitter:data1\" content=\"Rosa Closa\" \/>\n\t<meta name=\"twitter:label2\" content=\"Tiempo de lectura\" \/>\n\t<meta name=\"twitter:data2\" content=\"1 minuto\" \/>\n<script type=\"application\/ld+json\" class=\"yoast-schema-graph\">{\"@context\":\"https:\/\/schema.org\",\"@graph\":[{\"@type\":\"WebPage\",\"@id\":\"https:\/\/perits.org\/assemblea-de-socis-17-12-2024\/\",\"url\":\"https:\/\/perits.org\/assemblea-de-socis-17-12-2024\/\",\"name\":\"Assemblea de Socis 17-12-2024 - Perits.org\",\"isPartOf\":{\"@id\":\"https:\/\/perits.org\/#website\"},\"datePublished\":\"2024-12-09T11:34:22+00:00\",\"dateModified\":\"2024-12-09T11:36:30+00:00\",\"author\":{\"@id\":\"https:\/\/perits.org\/#\/schema\/person\/eb2e587216dff84a025162d0966dda9a\"},\"breadcrumb\":{\"@id\":\"https:\/\/perits.org\/assemblea-de-socis-17-12-2024\/#breadcrumb\"},\"inLanguage\":\"es\",\"potentialAction\":[{\"@type\":\"ReadAction\",\"target\":[\"https:\/\/perits.org\/assemblea-de-socis-17-12-2024\/\"]}]},{\"@type\":\"BreadcrumbList\",\"@id\":\"https:\/\/perits.org\/assemblea-de-socis-17-12-2024\/#breadcrumb\",\"itemListElement\":[{\"@type\":\"ListItem\",\"position\":1,\"name\":\"Inici\",\"item\":\"https:\/\/perits.org\/\"},{\"@type\":\"ListItem\",\"position\":2,\"name\":\"Assemblea de Socis 17-12-2024\"}]},{\"@type\":\"WebSite\",\"@id\":\"https:\/\/perits.org\/#website\",\"url\":\"https:\/\/perits.org\/\",\"name\":\"Perits.org\",\"description\":\"\",\"potentialAction\":[{\"@type\":\"SearchAction\",\"target\":{\"@type\":\"EntryPoint\",\"urlTemplate\":\"https:\/\/perits.org\/?s={search_term_string}\"},\"query-input\":{\"@type\":\"PropertyValueSpecification\",\"valueRequired\":true,\"valueName\":\"search_term_string\"}}],\"inLanguage\":\"es\"},{\"@type\":\"Person\",\"@id\":\"https:\/\/perits.org\/#\/schema\/person\/eb2e587216dff84a025162d0966dda9a\",\"name\":\"Rosa Closa\",\"image\":{\"@type\":\"ImageObject\",\"inLanguage\":\"es\",\"@id\":\"https:\/\/perits.org\/#\/schema\/person\/image\/\",\"url\":\"https:\/\/secure.gravatar.com\/avatar\/8d323896fdd6c1d60a2cd046675ee2823e99d0013c8bda4b528191e5acef7752?s=96&d=mm&r=g\",\"contentUrl\":\"https:\/\/secure.gravatar.com\/avatar\/8d323896fdd6c1d60a2cd046675ee2823e99d0013c8bda4b528191e5acef7752?s=96&d=mm&r=g\",\"caption\":\"Rosa Closa\"},\"url\":\"https:\/\/perits.org\/es\/author\/rosa\/\"}]}<\/script>\n<!-- \/ Yoast SEO plugin. -->","yoast_head_json":{"title":"Assemblea de Socis 17-12-2024 - Perits.org","robots":{"index":"index","follow":"follow","max-snippet":"max-snippet:-1","max-image-preview":"max-image-preview:large","max-video-preview":"max-video-preview:-1"},"canonical":"https:\/\/perits.org\/es\/assemblea-de-socis-17-12-2024\/","og_locale":"es_ES","og_type":"article","og_title":"Assemblea de Socis 17-12-2024 - Perits.org","og_description":"Per la present et convoquem a l&#8217;ASSEMBLEA ORDIN\u00c0RIA\u00a0i a l\u2019ASSEMBLEA EXTRAORDIN\u00c0RIA de l&#8217;ASSOCIACI\u00d3 CATALANA DE PERITS JUDICIALS I FORENSES COL\u00b7LABORADORS DE L&#8217;ADMINISTRACI\u00d3 DE JUST\u00cdCIA, que es celebrar\u00e0 el proper dia 17 de desembre a les 18.30 hores via telem\u00e0tica.","og_url":"https:\/\/perits.org\/es\/assemblea-de-socis-17-12-2024\/","og_site_name":"Perits.org","article_published_time":"2024-12-09T11:34:22+00:00","article_modified_time":"2024-12-09T11:36:30+00:00","author":"Rosa Closa","twitter_card":"summary_large_image","twitter_misc":{"Escrito por":"Rosa Closa","Tiempo de lectura":"1 minuto"},"schema":{"@context":"https:\/\/schema.org","@graph":[{"@type":"WebPage","@id":"https:\/\/perits.org\/assemblea-de-socis-17-12-2024\/","url":"https:\/\/perits.org\/assemblea-de-socis-17-12-2024\/","name":"Assemblea de Socis 17-12-2024 - Perits.org","isPartOf":{"@id":"https:\/\/perits.org\/#website"},"datePublished":"2024-12-09T11:34:22+00:00","dateModified":"2024-12-09T11:36:30+00:00","author":{"@id":"https:\/\/perits.org\/#\/schema\/person\/eb2e587216dff84a025162d0966dda9a"},"breadcrumb":{"@id":"https:\/\/perits.org\/assemblea-de-socis-17-12-2024\/#breadcrumb"},"inLanguage":"es","potentialAction":[{"@type":"ReadAction","target":["https:\/\/perits.org\/assemblea-de-socis-17-12-2024\/"]}]},{"@type":"BreadcrumbList","@id":"https:\/\/perits.org\/assemblea-de-socis-17-12-2024\/#breadcrumb","itemListElement":[{"@type":"ListItem","position":1,"name":"Inici","item":"https:\/\/perits.org\/"},{"@type":"ListItem","position":2,"name":"Assemblea de Socis 17-12-2024"}]},{"@type":"WebSite","@id":"https:\/\/perits.org\/#website","url":"https:\/\/perits.org\/","name":"Perits.org","description":"","potentialAction":[{"@type":"SearchAction","target":{"@type":"EntryPoint","urlTemplate":"https:\/\/perits.org\/?s={search_term_string}"},"query-input":{"@type":"PropertyValueSpecification","valueRequired":true,"valueName":"search_term_string"}}],"inLanguage":"es"},{"@type":"Person","@id":"https:\/\/perits.org\/#\/schema\/person\/eb2e587216dff84a025162d0966dda9a","name":"Rosa Closa","image":{"@type":"ImageObject","inLanguage":"es","@id":"https:\/\/perits.org\/#\/schema\/person\/image\/","url":"https:\/\/secure.gravatar.com\/avatar\/8d323896fdd6c1d60a2cd046675ee2823e99d0013c8bda4b528191e5acef7752?s=96&d=mm&r=g","contentUrl":"https:\/\/secure.gravatar.com\/avatar\/8d323896fdd6c1d60a2cd046675ee2823e99d0013c8bda4b528191e5acef7752?s=96&d=mm&r=g","caption":"Rosa Closa"},"url":"https:\/\/perits.org\/es\/author\/rosa\/"}]}},"_links":{"self":[{"href":"https:\/\/perits.org\/es\/wp-json\/wp\/v2\/posts\/541","targetHints":{"allow":["GET"]}}],"collection":[{"href":"https:\/\/perits.org\/es\/wp-json\/wp\/v2\/posts"}],"about":[{"href":"https:\/\/perits.org\/es\/wp-json\/wp\/v2\/types\/post"}],"author":[{"embeddable":true,"href":"https:\/\/perits.org\/es\/wp-json\/wp\/v2\/users\/2"}],"replies":[{"embeddable":true,"href":"https:\/\/perits.org\/es\/wp-json\/wp\/v2\/comments?post=541"}],"version-history":[{"count":2,"href":"https:\/\/perits.org\/es\/wp-json\/wp\/v2\/posts\/541\/revisions"}],"predecessor-version":[{"id":544,"href":"https:\/\/perits.org\/es\/wp-json\/wp\/v2\/posts\/541\/revisions\/544"}],"wp:attachment":[{"href":"https:\/\/perits.org\/es\/wp-json\/wp\/v2\/media?parent=541"}],"wp:term":[{"taxonomy":"category","embeddable":true,"href":"https:\/\/perits.org\/es\/wp-json\/wp\/v2\/categories?post=541"},{"taxonomy":"post_tag","embeddable":true,"href":"https:\/\/perits.org\/es\/wp-json\/wp\/v2\/tags?post=541"}],"curies":[{"name":"wp","href":"https:\/\/api.w.org\/{rel}","templated":true}]}}